{"id":145,"date":"2020-05-09T12:18:26","date_gmt":"2020-05-09T10:18:26","guid":{"rendered":"https:\/\/mp10.schoolpage.pl\/?p=145"},"modified":"2020-09-17T23:10:57","modified_gmt":"2020-09-17T21:10:57","slug":"informacje-dla-rodzicow-covid-19","status":"publish","type":"post","link":"https:\/\/mp10.schoolpage.pl\/index.php\/2020\/05\/09\/informacje-dla-rodzicow-covid-19\/","title":{"rendered":"Rekomendacje dla rodzic\u00f3w COVID-19"},"content":{"rendered":"<p>REKOMENDACJE DLA RODZIC\u00d3W<br>(materia\u0142 opracowany w Departamencie Bezpiecze\u0144stwa UM na podst. rekomendacji rz\u0105du i konsultacji z zielonog\u00f3rskim sanepidem)<\/p>\n<ul>\n<li>prowad\u017a wnikliw\u0105 obserwacj\u0119 dzieci, kt\u00f3ra pozwoli dostrzec symptomy zaka\u017cenia. Najcz\u0119\u015bciej jest to: kaszel, katar, biegunka, a tak\u017ce przekrwienie b\u0142ony \u015bluzowej nosa i b\u00f3le g\u0142owy,<\/li>\n<li>COVID-19 rozprzestrzenia si\u0119 drog\u0105 kropelkow\u0105, istotne jest przestrzeganie zasad higieny. Je\u015bli dziecko kaszle lub kicha, nale\u017cy uczy\u0107 go zakrywa\u0107 twarz chusteczk\u0105 i przypilnowa\u0107, by umy\u0142o d\u0142onie,<\/li>\n<li>je\u015bli dziecko \u017ale si\u0119 czuje, powinno zosta\u0107 w domu, by\u0107 ciep\u0142o ubrane i spo\u017cywa\u0107 pe\u0142nowarto\u015bciowe posi\u0142ki,<\/li>\n<li>nale\u017cy izolowa\u0107 dziecko od os\u00f3b, kt\u00f3re \u017ale si\u0119 czuj\u0105. Je\u015bli inny domownik ma infekcj\u0119, dziecko nie powinno przebywa\u0107 razem z nim w pomieszczeniu,<\/li>\n<li>zabrania si\u0119 poruszania po obiekcie przedszkolnym &#8211; je\u017celi potrzebujesz kontaktu z obs\u0142ug\u0105 naci\u015bnij dzwonek i poczekaj a\u017c podejdzie obs\u0142uga przedszkola, wejd\u017a do budynku \u201efiltra\u201d i przeka\u017c dziecko pracownikowi obs\u0142ugi, kt\u00f3ry rozbierze i przygotuje dziecko do przebywania w obiekcie,<\/li>\n<li>je\u015bli dziecko zosta\u0142o zaka\u017cone wirusem COVID-19 lub wyst\u0119puje podejrzenie mo\u017cliwo\u015bci choroby, nale\u017cy uda\u0107 si\u0119 do Szpitala do oddzia\u0142u zaka\u017anego, skontaktowa\u0107 si\u0119 z Powiatow\u0105 Stacj\u0105 Sanitarno-Epidemiologiczn\u0105 oraz powiadomi\u0107 dyrektora Przedszkola,<\/li>\n<li>nie posy\u0142aj dziecka do przedszkola, je\u017celi w domu przebywa kto\u015b na kwarantannie lub w izolacji,<\/li>\n<li>wyja\u015bnij dziecku, \u017ceby nie zabiera\u0142o do przedszkola niepotrzebnych przedmiot\u00f3w, czy zabawek,<\/li>\n<li>regularnie przypominaj dziecku o podstawowych zasadach higieny. Podkre\u015bl, \u017ce powinno ono unika\u0107 dotykania oczu, nosa i ust, cz\u0119sto my\u0107 r\u0119ce wod\u0105 z myd\u0142em i nie podawa\u0107 r\u0119ki na powitanie,<\/li>\n<li>zwr\u00f3\u0107 uwag\u0119 na odpowiedni spos\u00f3b zas\u0142aniania twarzy podczas kichania czy kas\u0142ania. Pami\u0119taj, \u017ce Ty tak\u017ce powiniene\u015b je stosowa\u0107, bo dziecko uczy si\u0119 przez obserwacj\u0119 dobrego przyk\u0142adu,<\/li>\n<li>w obiekcie przedszkolnym rodzice zawsze maj\u0105 zakryte usta i nos,<\/li>\n<li>ka\u017cdorazowo obowi\u0105zuje dezynfekcja r\u0105k po wej\u015bciu do przedszkola.<\/li>\n<\/ul>\n\n\n<p><\/p>\n","protected":false},"excerpt":{"rendered":"<p>REKOMENDACJE DLA RODZIC\u00d3W(materia\u0142 opracowany w Departamencie Bezpiecze\u0144stwa UM na podst. rekomendacji rz\u0105du i konsultacji z zielonog\u00f3rskim sanepidem) prowad\u017a wnikliw\u0105 obserwacj\u0119 dzieci, kt\u00f3ra pozwoli dostrzec symptomy zaka\u017cenia. Najcz\u0119\u015bciej jest to: kaszel, katar, biegunka, a tak\u017ce przekrwienie b\u0142ony \u015bluzowej nosa i b\u00f3le<\/p>\n","protected":false},"author":1,"featured_media":0,"comment_status":"open","ping_status":"open","sticky":false,"template":"","format":"standard","meta":{"footnotes":""},"categories":[1],"tags":[],"class_list":["post-145","post","type-post","status-publish","format-standard","hentry","category-bez-kategorii"],"_links":{"self":[{"href":"https:\/\/mp10.schoolpage.pl\/index.php\/wp-json\/wp\/v2\/posts\/145","targetHints":{"allow":["GET"]}}],"collection":[{"href":"https:\/\/mp10.schoolpage.pl\/index.php\/wp-json\/wp\/v2\/posts"}],"about":[{"href":"https:\/\/mp10.schoolpage.pl\/index.php\/wp-json\/wp\/v2\/types\/post"}],"author":[{"embeddable":true,"href":"https:\/\/mp10.schoolpage.pl\/index.php\/wp-json\/wp\/v2\/users\/1"}],"replies":[{"embeddable":true,"href":"https:\/\/mp10.schoolpage.pl\/index.php\/wp-json\/wp\/v2\/comments?post=145"}],"version-history":[{"count":4,"href":"https:\/\/mp10.schoolpage.pl\/index.php\/wp-json\/wp\/v2\/posts\/145\/revisions"}],"predecessor-version":[{"id":396,"href":"https:\/\/mp10.schoolpage.pl\/index.php\/wp-json\/wp\/v2\/posts\/145\/revisions\/396"}],"wp:attachment":[{"href":"https:\/\/mp10.schoolpage.pl\/index.php\/wp-json\/wp\/v2\/media?parent=145"}],"wp:term":[{"taxonomy":"category","embeddable":true,"href":"https:\/\/mp10.schoolpage.pl\/index.php\/wp-json\/wp\/v2\/categories?post=145"},{"taxonomy":"post_tag","embeddable":true,"href":"https:\/\/mp10.schoolpage.pl\/index.php\/wp-json\/wp\/v2\/tags?post=145"}],"curies":[{"name":"wp","href":"https:\/\/api.w.org\/{rel}","templated":true}]}}