{"id":199,"date":"2020-05-09T17:07:24","date_gmt":"2020-05-09T15:07:24","guid":{"rendered":"https:\/\/mp10.schoolpage.pl\/?p=199"},"modified":"2020-09-17T23:16:37","modified_gmt":"2020-09-17T21:16:37","slug":"6-maja-2020r-przedszkole-wznawia-prace","status":"publish","type":"post","link":"https:\/\/mp10.schoolpage.pl\/index.php\/2020\/05\/09\/6-maja-2020r-przedszkole-wznawia-prace\/","title":{"rendered":"6 maja 2020 r.  przedszkole wznawia prac\u0119"},"content":{"rendered":"\n<p>Plac\u00f3wka b\u0119dzie sprawowa\u0142a wy\u0142\u0105cznie funkcj\u0119 opieku\u0144cz\u0105.<\/p>\n\n\n\n<p>Przedszkole b\u0119dzie czynne w godz. 7.00 &#8211; 16.00.  <\/p>\n\n\n\n<p>Grupy b\u0119d\u0105 liczy\u0142y do 12 dzieci<\/p>\n\n\n\n<p>Dzieci nale\u017cy przyprowadzi\u0107 do godz. 8.00, poniewa\u017c z uwagi na bezpiecze\u0144stwo dzieci, drzwi po tej godzinie b\u0119d\u0105 zamykane i nie b\u0119dzie mo\u017cliwo\u015bci wej\u015bcia do budynku.<\/p>\n\n\n\n<p>Do 4 maja 2020 r. do godz. 13.00 prosimy o sk\u0142adanie droga mailow\u0105 lub telefonicznie deklaracji o potrzebie przyprowadzenia dziecka do przedszkola.<br>e-mail: mp10zg@gmail.com <br>tel.: 68 45 41 880 <br><br>Niedotrzymanie tego terminu r\u00f3wnoznaczne b\u0119dzie z rezygnacj\u0105 korzystania z opieki przedszkolnej. Je\u015bli liczba zg\u0142osze\u0144 przekroczy wymagany limit, w pierwszej kolejno\u015bci przyjmowane b\u0119d\u0105 te dzieci, kt\u00f3rych rodzice nie maja mo\u017cliwo\u015bci pogodzenia pracy z opiek\u0105 nad dzieckiem (dzieci pracownik\u00f3w systemu ochrony zdrowia, s\u0142u\u017cb mundurowych, handlu, przedsi\u0119biorstw i instytucji realizuj\u0105cych zadania zwi\u0105zane ze zwalczaniem COVID zgodnie z wytycznymi GIS). <\/p>\n\n\n\n<p><\/p>\n\n\n\n<p><\/p>\n","protected":false},"excerpt":{"rendered":"<p>Plac\u00f3wka b\u0119dzie sprawowa\u0142a wy\u0142\u0105cznie funkcj\u0119 opieku\u0144cz\u0105. Przedszkole b\u0119dzie czynne w godz. 7.00 &#8211; 16.00. Grupy b\u0119d\u0105 liczy\u0142y do 12 dzieci Dzieci nale\u017cy przyprowadzi\u0107 do godz. 8.00, poniewa\u017c z uwagi na bezpiecze\u0144stwo dzieci, drzwi po tej godzinie b\u0119d\u0105 zamykane i nie<\/p>\n","protected":false},"author":1,"featured_media":0,"comment_status":"open","ping_status":"open","sticky":false,"template":"","format":"standard","meta":{"footnotes":""},"categories":[1],"tags":[],"class_list":["post-199","post","type-post","status-publish","format-standard","hentry","category-bez-kategorii"],"_links":{"self":[{"href":"https:\/\/mp10.schoolpage.pl\/index.php\/wp-json\/wp\/v2\/posts\/199","targetHints":{"allow":["GET"]}}],"collection":[{"href":"https:\/\/mp10.schoolpage.pl\/index.php\/wp-json\/wp\/v2\/posts"}],"about":[{"href":"https:\/\/mp10.schoolpage.pl\/index.php\/wp-json\/wp\/v2\/types\/post"}],"author":[{"embeddable":true,"href":"https:\/\/mp10.schoolpage.pl\/index.php\/wp-json\/wp\/v2\/users\/1"}],"replies":[{"embeddable":true,"href":"https:\/\/mp10.schoolpage.pl\/index.php\/wp-json\/wp\/v2\/comments?post=199"}],"version-history":[{"count":3,"href":"https:\/\/mp10.schoolpage.pl\/index.php\/wp-json\/wp\/v2\/posts\/199\/revisions"}],"predecessor-version":[{"id":398,"href":"https:\/\/mp10.schoolpage.pl\/index.php\/wp-json\/wp\/v2\/posts\/199\/revisions\/398"}],"wp:attachment":[{"href":"https:\/\/mp10.schoolpage.pl\/index.php\/wp-json\/wp\/v2\/media?parent=199"}],"wp:term":[{"taxonomy":"category","embeddable":true,"href":"https:\/\/mp10.schoolpage.pl\/index.php\/wp-json\/wp\/v2\/categories?post=199"},{"taxonomy":"post_tag","embeddable":true,"href":"https:\/\/mp10.schoolpage.pl\/index.php\/wp-json\/wp\/v2\/tags?post=199"}],"curies":[{"name":"wp","href":"https:\/\/api.w.org\/{rel}","templated":true}]}}