{"id":502,"date":"2020-11-27T02:18:00","date_gmt":"2020-11-27T01:18:00","guid":{"rendered":"https:\/\/mp10.schoolpage.pl\/?p=502"},"modified":"2020-12-01T03:09:04","modified_gmt":"2020-12-01T02:09:04","slug":"dzien-pluszowego-misia","status":"publish","type":"post","link":"https:\/\/mp10.schoolpage.pl\/index.php\/2020\/11\/27\/dzien-pluszowego-misia\/","title":{"rendered":"Dzie\u0144 Pluszowego Misia"},"content":{"rendered":"\n<p>Jak co roku, 25 listopada swoje \u015bwi\u0119to obchodzi\u0142 Pluszowy Mi\u015b, kt\u00f3ry z pewno\u015bci\u0105 go\u015bci w \u017cyciu ka\u017cdego dziecka chocia\u017c przez chwil\u0119, a nierzadko zostaje z nim na d\u0142ugie lata &#8211; jako najmilsza przytulanka, zabawka, najlepszy przyjaciel oraz niezast\u0105piona pomoc przy zasypianiu.<\/p>\n\n\n\n<p>W tym roku ze wzgl\u0119d\u00f3w epidemiologicznych musieli\u015bmy \u015bwi\u0119towa\u0107 ten dzie\u0144 nieco inaczej, poniewa\u017c bez ukochanych maskotek obok, ale zapewniamy, \u017ce by\u0142o r\u00f3wnie uroczy\u015bcie \ud83d\ude42 ! <\/p>\n\n\n\n<p>Dzieci mog\u0142y opowiedzie\u0107 o swoich misiach, pozna\u0142y histori\u0119 tego \u015bwi\u0119ta, s\u0142ucha\u0142y bajek, a tak\u017ce wykona\u0142y prace plastyczne, kt\u00f3rych motywem przewodnim by\u0142 ten puszysty przyjaciel. By\u0142o malowanie farbami, wycinanie, tworzenie misiowych masek oraz kodowanie, kt\u00f3rego efektem by\u0142 oczywi\u015bcie wizerunek misia. Ten dzie\u0144 z pewno\u015bci\u0105 da\u0142 przedszkolakom du\u017co rado\u015bci, a niekt\u00f3rym z nich by\u0107 mo\u017ce przypomnia\u0142 o swoich starych, ulubionych zabawkach \ud83d\ude42<br><br>Serdecznie zapraszamy na naszego przedszkolnego Facebook&#8217;a by zobaczy\u0107 galeri\u0119 zdj\u0119\u0107 z tego wydarzenia -> <a href=\"https:\/\/www.facebook.com\/Miejskie-Przedszkole-nr-10-Wyspa-Dzieci-673999066060763\">https:\/\/www.facebook.com\/Miejskie-Przedszkole-nr-10-Wyspa-Dzieci-673999066060763<\/a><\/p>\n\n\n\n<p><\/p>\n","protected":false},"excerpt":{"rendered":"<p>Jak co roku, 25 listopada swoje \u015bwi\u0119to obchodzi\u0142 Pluszowy Mi\u015b, kt\u00f3ry z pewno\u015bci\u0105 go\u015bci w \u017cyciu ka\u017cdego dziecka chocia\u017c przez chwil\u0119, a nierzadko zostaje z nim na d\u0142ugie lata &#8211; jako najmilsza przytulanka, zabawka, najlepszy przyjaciel oraz niezast\u0105piona pomoc przy<\/p>\n","protected":false},"author":2,"featured_media":0,"comment_status":"open","ping_status":"open","sticky":false,"template":"","format":"standard","meta":{"footnotes":""},"categories":[1],"tags":[],"class_list":["post-502","post","type-post","status-publish","format-standard","hentry","category-bez-kategorii"],"_links":{"self":[{"href":"https:\/\/mp10.schoolpage.pl\/index.php\/wp-json\/wp\/v2\/posts\/502","targetHints":{"allow":["GET"]}}],"collection":[{"href":"https:\/\/mp10.schoolpage.pl\/index.php\/wp-json\/wp\/v2\/posts"}],"about":[{"href":"https:\/\/mp10.schoolpage.pl\/index.php\/wp-json\/wp\/v2\/types\/post"}],"author":[{"embeddable":true,"href":"https:\/\/mp10.schoolpage.pl\/index.php\/wp-json\/wp\/v2\/users\/2"}],"replies":[{"embeddable":true,"href":"https:\/\/mp10.schoolpage.pl\/index.php\/wp-json\/wp\/v2\/comments?post=502"}],"version-history":[{"count":2,"href":"https:\/\/mp10.schoolpage.pl\/index.php\/wp-json\/wp\/v2\/posts\/502\/revisions"}],"predecessor-version":[{"id":508,"href":"https:\/\/mp10.schoolpage.pl\/index.php\/wp-json\/wp\/v2\/posts\/502\/revisions\/508"}],"wp:attachment":[{"href":"https:\/\/mp10.schoolpage.pl\/index.php\/wp-json\/wp\/v2\/media?parent=502"}],"wp:term":[{"taxonomy":"category","embeddable":true,"href":"https:\/\/mp10.schoolpage.pl\/index.php\/wp-json\/wp\/v2\/categories?post=502"},{"taxonomy":"post_tag","embeddable":true,"href":"https:\/\/mp10.schoolpage.pl\/index.php\/wp-json\/wp\/v2\/tags?post=502"}],"curies":[{"name":"wp","href":"https:\/\/api.w.org\/{rel}","templated":true}]}}