{"id":510,"date":"2020-12-02T20:41:00","date_gmt":"2020-12-02T19:41:00","guid":{"rendered":"https:\/\/mp10.schoolpage.pl\/?p=510"},"modified":"2020-12-03T21:14:25","modified_gmt":"2020-12-03T20:14:25","slug":"razemnaswieta","status":"publish","type":"post","link":"https:\/\/mp10.schoolpage.pl\/index.php\/2020\/12\/02\/razemnaswieta\/","title":{"rendered":"Razem na \u015awi\u0119ta"},"content":{"rendered":"\n<p>Szanowni Pa\u0144stwo ! <\/p>\n\n\n\n<p>Zbli\u017ca si\u0119 magiczny czas, czas \u015awi\u0105t Bo\u017cego Narodzenia &#8211; rado\u015bci obdarowywania, zapachu piernik\u00f3w i spotka\u0144 z najbli\u017cszymi. Jest to r\u00f3wnie\u017c czas, w kt\u00f3rym ch\u0119tniej pomagamy, a tak\u017ce niesiemy rado\u015b\u0107 i nadziej\u0119 innym ludziom. <\/p>\n\n\n\n<p>W tym roku, ju\u017c po raz trzeci rusza akcja MEN <strong>&#8222;Razem na \u015awi\u0119ta&#8221;<\/strong>. Celem tej inicjatywy jest zar\u00f3wno zach\u0119cenie do niesienia pomocy innym, jak r\u00f3wnie\u017c budowanie wsp\u00f3lnot i wi\u0119zi mi\u0119dzypokoleniowych. <\/p>\n\n\n\n<p>Akcja polega na prostych, ludzkich odruchach: wykonaniu w\u0142asnor\u0119cznie kartek i ozd\u00f3b \u015bwi\u0105tecznych, pomoc w zakupach \u015bwi\u0105tecznych seniorom i ludziom samotnym, zebraniu dar\u00f3w dla schroniska, samodzielne przygotowanie piernik\u00f3w \u015bwi\u0105tecznych i obdarowanie nimi s\u0105siad\u00f3w b\u0105d\u017a os\u00f3b w najbli\u017cszej okolicy. Prosimy zatem wszystkich Pa\u0144stwa o wykonanie kartek wsp\u00f3lnie z dzie\u0107mi lub przynoszenie rzeczy dla schroniska za naszym po\u015brednictwem albo dokonanie jakiejkolwiek innej inicjatywy i udokumentowanie jej (np. zdj\u0119ciem). Mog\u0105 Pa\u0144stwo r\u00f3wnie\u017c stworzy\u0107 w\u0142asny pomys\u0142 i podzieli\u0107 si\u0119 nim za naszym po\u015brednictwem, \u017ceby do akcji mog\u0142o si\u0119 w\u0142\u0105czy\u0107 wi\u0119cej ludzi dobrej woli. <\/p>\n\n\n\n<p>Ze wzgl\u0119du na ograniczenia wynikaj\u0105ce z obecnej sytuacji na \u015bwiecie, tegoroczna edycja akcji b\u0119dzie mia\u0142a nieco odmienny charakter. Natomiast nie zmienia to faktu, \u017ce szczeg\u00f3lnie w tym okresie wiele os\u00f3b czeka na nasze wsparcie i zwyk\u0142e gesty \u017cyczliwo\u015bci. W ten jak\u017ce pi\u0119kny, aczkolwiek trudny czas podarujmy zwyk\u0142e-niezwyk\u0142e ludzkie odruchy innym. Sprawmy, by ten magiczny czas dla ka\u017cdego by\u0142 r\u00f3wnie radosny !<\/p>\n\n\n\n<p>Czekamy na Pa\u0144stwa pomys\u0142y ! \ud83d\ude42<br> #RazemNa\u015awieta<\/p>\n\n\n\n<figure class=\"wp-block-image\"><img decoding=\"async\" src=\"https:\/\/www.gov.pl\/photo\/format\/864e566b-e6d8-4b66-8e0d-661e2d74014c\/resolution\/1920x810\" alt=\"Grafika z gwie\u017adzistym niebem i \u015bniegiem. Na \u015brodku logo akcji &quot;Razem na \u015awi\u0119ta&quot; oraz tekst &quot;Razem na \u015awi\u0119ta \u2013 zapraszamy do udzia\u0142u w akcji MEN&quot;\"\/><\/figure>\n\n\n\n<p>bezpo\u015bredni link do akcji: <a href=\"https:\/\/www.gov.pl\/web\/edukacja\/zapraszamy-udzialu-w-akcji-men-razem-na-swieta\">https:\/\/www.gov.pl\/web\/edukacja\/zapraszamy-udzialu-w-akcji-men-razem-na-swieta<\/a><\/p>\n","protected":false},"excerpt":{"rendered":"<p>Szanowni Pa\u0144stwo ! Zbli\u017ca si\u0119 magiczny czas, czas \u015awi\u0105t Bo\u017cego Narodzenia &#8211; rado\u015bci obdarowywania, zapachu piernik\u00f3w i spotka\u0144 z najbli\u017cszymi. Jest to r\u00f3wnie\u017c czas, w kt\u00f3rym ch\u0119tniej pomagamy, a tak\u017ce niesiemy rado\u015b\u0107 i nadziej\u0119 innym ludziom. W tym roku, ju\u017c<\/p>\n","protected":false},"author":2,"featured_media":0,"comment_status":"open","ping_status":"open","sticky":false,"template":"","format":"standard","meta":{"footnotes":""},"categories":[1],"tags":[],"class_list":["post-510","post","type-post","status-publish","format-standard","hentry","category-bez-kategorii"],"_links":{"self":[{"href":"https:\/\/mp10.schoolpage.pl\/index.php\/wp-json\/wp\/v2\/posts\/510","targetHints":{"allow":["GET"]}}],"collection":[{"href":"https:\/\/mp10.schoolpage.pl\/index.php\/wp-json\/wp\/v2\/posts"}],"about":[{"href":"https:\/\/mp10.schoolpage.pl\/index.php\/wp-json\/wp\/v2\/types\/post"}],"author":[{"embeddable":true,"href":"https:\/\/mp10.schoolpage.pl\/index.php\/wp-json\/wp\/v2\/users\/2"}],"replies":[{"embeddable":true,"href":"https:\/\/mp10.schoolpage.pl\/index.php\/wp-json\/wp\/v2\/comments?post=510"}],"version-history":[{"count":3,"href":"https:\/\/mp10.schoolpage.pl\/index.php\/wp-json\/wp\/v2\/posts\/510\/revisions"}],"predecessor-version":[{"id":514,"href":"https:\/\/mp10.schoolpage.pl\/index.php\/wp-json\/wp\/v2\/posts\/510\/revisions\/514"}],"wp:attachment":[{"href":"https:\/\/mp10.schoolpage.pl\/index.php\/wp-json\/wp\/v2\/media?parent=510"}],"wp:term":[{"taxonomy":"category","embeddable":true,"href":"https:\/\/mp10.schoolpage.pl\/index.php\/wp-json\/wp\/v2\/categories?post=510"},{"taxonomy":"post_tag","embeddable":true,"href":"https:\/\/mp10.schoolpage.pl\/index.php\/wp-json\/wp\/v2\/tags?post=510"}],"curies":[{"name":"wp","href":"https:\/\/api.w.org\/{rel}","templated":true}]}}