{"id":628,"date":"2021-05-07T16:17:24","date_gmt":"2021-05-07T14:17:24","guid":{"rendered":"https:\/\/mp10.schoolpage.pl\/?p=628"},"modified":"2021-05-07T16:18:38","modified_gmt":"2021-05-07T14:18:38","slug":"tydzien-pirata","status":"publish","type":"post","link":"https:\/\/mp10.schoolpage.pl\/index.php\/2021\/05\/07\/tydzien-pirata\/","title":{"rendered":"Tydzie\u0144 Pirata"},"content":{"rendered":"\n<p>Szanowni Pa\u0144stwo!<\/p>\n\n\n\n<p>Mi\u0142o nam poinformowa\u0107, \u017ce w dniach <strong>17&nbsp;\u2013&nbsp;21.05.2021<\/strong> odb\u0119dzie si\u0119 w naszej plac\u00f3wce <strong>\u201eTYDZIE\u0143 PIRATA\u201d<\/strong>.&nbsp;Ta inicjatywa jest nasz\u0105&nbsp;tradycj\u0105 od wielu lat&nbsp;i&nbsp;cieszy si\u0119 ogromnym zainteresowaniem ze strony przedszkolak\u00f3w, dlatego tym bardziej jeste\u015bmy dumni z tego, \u017ce&nbsp;mimo panuj\u0105cej obecnie sytuacji,&nbsp;w tym roku r\u00f3wnie\u017c uda nam si\u0119&nbsp;to&nbsp;zorganizowa\u0107 \ud83d\ude42<br><br>Ka\u017cdego dnia zosta\u0142y&nbsp;zaplanowane inne atrakcje&nbsp;dla dzieci, w kt\u00f3rych ka\u017cda z grup przedszkolnych b\u0119dzie uczestniczy\u0142a we w\u0142asnym gronie, a ca\u0142y przebieg zabawy b\u0119d\u0105 mogli Pa\u0144stwo ogl\u0105da\u0107 na naszym przedszkolnym&nbsp;Facebook\u2019u&nbsp;-&gt;&nbsp;<a href=\"https:\/\/www.facebook.com\/Miejskie-Przedszkole-nr-10-Wyspa-Dzieci-673999066060763\"><u>https:\/\/www.facebook.com\/Miejskie-Przedszkole-nr-10-Wyspa-Dzieci-673999066060763<\/u><\/a>.<br><\/p>\n\n\n\n<p>\u201eTydzie\u0144 Pirata\u201d to szczeg\u00f3lny czas w przedszkolu, podczas kt\u00f3rego wszystkie zaj\u0119cia organizowane s\u0105&nbsp;zgodnie z motywem przewodnim (piraci, statki, morza i oceany, skarby itp).&nbsp;Przedszkole zostanie ozdobione w odpowiedni spos\u00f3b, by dzieci mog\u0142y si\u0119 wczu\u0107 w&nbsp;\u201epirack\u0105\u201d atmosfer\u0119. W&nbsp;tym czasie, r\u00f3wnie\u017c dzieci mog\u0105 przychodzi\u0107 w przebraniach lub mie\u0107 elementy&nbsp;pirackiego stroju (do czego&nbsp;serdecznie&nbsp;zach\u0119camy). Po zako\u0144czonej zabawie,&nbsp;dzieci otrzymaj\u0105 pami\u0105tkowe dyplomy&nbsp;i drobne upominki&nbsp;\ud83d\ude42<\/p>\n\n\n\n<p>Ni\u017cej zamieszczamy\u00a0rozk\u0142ad tygodniowego\u00a0planu\u00a0:<br>1)\u00a0poniedzia\u0142ek \u2013 <strong>PIRACKIE SZANTY<\/strong> \u2013 piosenki i zabawy muzyczne<br>2)\u00a0wtorek \u2013 <strong>W ZDROWYM CIELE, ZDROWY \u2026. PIRAT !<\/strong>\u00a0\u2013\u00a0zabawy ruchowe i\u00a0ogromny tor przeszk\u00f3d<br>3)\u00a0\u015broda \u2013 <strong>TW\u00d3RCZY PIRACI<\/strong> \u2013 r\u00f3\u017cnorodne prace plastyczne<br>4)\u00a0czwartek \u2013 <strong>SZLAKIEM PIRACKICH SKARB\u00d3W<\/strong> \u2013 poszukiwanie\u00a0zaginionych\u00a0skarb\u00f3w na placu przedszkolnym<br>5)\u00a0pi\u0105tek \u2013 <strong>PIRAT NA 6+ !<\/strong> \u2013 quiz wiedzy dla przedszkolak\u00f3w<\/p>\n\n\n\n<p>DO ZOBACZENIA !!!<\/p>\n","protected":false},"excerpt":{"rendered":"<p>Szanowni Pa\u0144stwo! Mi\u0142o nam poinformowa\u0107, \u017ce w dniach 17&nbsp;\u2013&nbsp;21.05.2021 odb\u0119dzie si\u0119 w naszej plac\u00f3wce \u201eTYDZIE\u0143 PIRATA\u201d.&nbsp;Ta inicjatywa jest nasz\u0105&nbsp;tradycj\u0105 od wielu lat&nbsp;i&nbsp;cieszy si\u0119 ogromnym zainteresowaniem ze strony przedszkolak\u00f3w, dlatego tym bardziej jeste\u015bmy dumni z tego, \u017ce&nbsp;mimo panuj\u0105cej obecnie sytuacji,&nbsp;w tym<\/p>\n","protected":false},"author":2,"featured_media":0,"comment_status":"closed","ping_status":"closed","sticky":false,"template":"","format":"standard","meta":{"footnotes":""},"categories":[1],"tags":[],"class_list":["post-628","post","type-post","status-publish","format-standard","hentry","category-bez-kategorii"],"_links":{"self":[{"href":"https:\/\/mp10.schoolpage.pl\/index.php\/wp-json\/wp\/v2\/posts\/628","targetHints":{"allow":["GET"]}}],"collection":[{"href":"https:\/\/mp10.schoolpage.pl\/index.php\/wp-json\/wp\/v2\/posts"}],"about":[{"href":"https:\/\/mp10.schoolpage.pl\/index.php\/wp-json\/wp\/v2\/types\/post"}],"author":[{"embeddable":true,"href":"https:\/\/mp10.schoolpage.pl\/index.php\/wp-json\/wp\/v2\/users\/2"}],"replies":[{"embeddable":true,"href":"https:\/\/mp10.schoolpage.pl\/index.php\/wp-json\/wp\/v2\/comments?post=628"}],"version-history":[{"count":2,"href":"https:\/\/mp10.schoolpage.pl\/index.php\/wp-json\/wp\/v2\/posts\/628\/revisions"}],"predecessor-version":[{"id":630,"href":"https:\/\/mp10.schoolpage.pl\/index.php\/wp-json\/wp\/v2\/posts\/628\/revisions\/630"}],"wp:attachment":[{"href":"https:\/\/mp10.schoolpage.pl\/index.php\/wp-json\/wp\/v2\/media?parent=628"}],"wp:term":[{"taxonomy":"category","embeddable":true,"href":"https:\/\/mp10.schoolpage.pl\/index.php\/wp-json\/wp\/v2\/categories?post=628"},{"taxonomy":"post_tag","embeddable":true,"href":"https:\/\/mp10.schoolpage.pl\/index.php\/wp-json\/wp\/v2\/tags?post=628"}],"curies":[{"name":"wp","href":"https:\/\/api.w.org\/{rel}","templated":true}]}}