{"id":645,"date":"2021-06-21T19:54:00","date_gmt":"2021-06-21T17:54:00","guid":{"rendered":"https:\/\/mp10.schoolpage.pl\/?p=645"},"modified":"2021-06-24T20:05:16","modified_gmt":"2021-06-24T18:05:16","slug":"pomagamy","status":"publish","type":"post","link":"https:\/\/mp10.schoolpage.pl\/index.php\/2021\/06\/21\/pomagamy\/","title":{"rendered":"Piknik charytatywny &#8211; pomagamy !"},"content":{"rendered":"\n<p>Z ogromn\u0105 przyjemno\u015bci\u0105 informujemy o organizowanym\u00a0w Zielonej G\u00f3rze<strong> pikniku charytatywnym <\/strong>na rzecz chorej na nowotw\u00f3r z\u0142o\u015bliwy HER2+\u00a0zielonog\u00f3rzanki Anny G\u0142uch (lat 44), mamy 4 dzieci (w wieku 2,6,9 i 16 lat). Zosta\u0142o ma\u0142o czasu, a zbieramy na drogie nierefundowane leczenie Pani Ani lekiem &#8222;Tucatinib&#8221; (1 dawka = ok. 40.000 z\u0142, a terapia trwa 21 dni !  Pomoc potrzebna na CITO!<\/p>\n\n\n\n<p>Piknik po\u0142\u0105czony z WIELIKM OTWARCIEM WAKACJI 2021 odb\u0119dzie si\u0119 w <strong>Parku Tysi\u0105clecia (ul. Waz\u00f3w 3,<\/strong> siedziba Stowarzyszenia \u201eWarto jest pomaga\u0107\u201d) w Zielonej G\u00f3rze pod patronatem Prezydenta Miasta Janusza Kubickiego.<\/p>\n\n\n\n<p>Piknik zaplanowany jest na <strong>27 CZERWCA 2021r. w godz. 12:00-18:00<\/strong> , a jego g\u0142\u00f3wn\u0105 atrakcj\u0105 b\u0119dzie o <strong>godz. 16:30<\/strong>\u00a0 <strong>KONCERT FAMILIJNY w wykonaniu MAJKI JE\u017bOWSKIEJ<\/strong> <strong>\u00a0(70 min. wspania\u0142ej zabawy) !!<\/strong> Piosenki artystki w nowej wersji i ods\u0142onie ! Super program artystyczny, kt\u00f3ry na koncercie Pol\u00b4 And\u00b4 Rock w Kostrzynie n\/Odr\u0105\u00a0 podbi\u0142 serca wszystkich &#8211; nie tylko najm\u0142odszych widz\u00f3w, zapewniaj\u0105c Majce Je\u017cowskiej nominacj\u0119 do Fryderyk\u00f3w!!\u00a0<\/p>\n\n\n\n<p><strong><u>Podczas festynu przewidziano tak\u017ce mn\u00f3stwo atrakcji rozrywkowych i kulinarnych!&nbsp;<\/u><\/strong> Mi\u0119dzy innymi:<\/p>\n\n\n\n<p>&#8211;<strong>stref\u0119 rozrywki i zabaw dla dzieci<\/strong> (uwielbiane przez dzieciaki \u201eko\u0142o fortuny\u201d i loterie fantowe, a tak\u017ce liczne zabawy i animacje prowadzone przez wykwalifikowan\u0105 kadr\u0119 pedagogiczno-przedszkoln\u0105),<\/p>\n\n\n\n<p>&#8211; <strong>wyst\u0119p m\u0142odziutkiej wokalistki, autorki tekst\u00f3w i kompozytorki Karoliny Kucharek<\/strong> , wyst\u0119py artystyczne w wykonaniu dzieci, nastolatk\u00f3w i doros\u0142ych (wyst\u0119py wokalne, taneczne, pokaz sztuk walki <strong>Klubu NIDAN<\/strong>), zabawy taneczne z <strong>Krain\u0105 Ta\u0144ca, Kabaret dla dzieci<\/strong>,<\/p>\n\n\n\n<p>-prezentacj\u0119 sprz\u0119tu wojskowego, Policji, Stra\u017cy Granicznej (w tym uwielbiana przez dzieci \u201ewi\u0119\u017aniarka\u201d \u2013 ka\u017cde dziecko b\u0119dzie mog\u0142o zobaczy\u0107 jak wygl\u0105da \u015bwiat \u201ezza krat\u201d, popatrze\u0107 przez noktowizor oraz dotkn\u0105\u0107 i przymierzy\u0107 \u201egad\u017cety\u201d militarne).<\/p>\n\n\n\n<p><strong>B\u0119dzie te\u017c wiele atrakcji dla mi\u0142o\u015bnik\u00f3w DOBREJ KUCHNI!!&nbsp; <u>dlatego nie trzeba w tym dniu gotowa\u0107 obiadu a nawet mo\u017cna kupi\u0107 co\u015b smacznego na wynos<\/u><\/strong><\/p>\n\n\n\n<p>-wojskowa groch\u00f3wka prosto z kot\u0142a,<\/p>\n\n\n\n<p>-przysmaki z grilla (kie\u0142baski, kaszanka, szasz\u0142yki \u2013wyroby \u015bwie\u017ce, pyszne prosto od rze\u017anika!)<\/p>\n\n\n\n<p>-pyszny bigos z m\u0142odej kapusty,<\/p>\n\n\n\n<p>-pajda chleba ze smalczykiem i og\u00f3rkiem ma\u0142osolnym;<\/p>\n\n\n\n<p>-domowe przysmaki \u2013 Ko\u0142a Gospody\u0144 Wiejskich (w tym z Nowego Kramska, ich chyba nie trzeba reklamowa\u0107!) szykuj\u0105 mega &nbsp;\u201ejad\u0142o\u201d (ruskie pierogi w\u0142asnej roboty okraszane cebulk\u0105, szasz\u0142yki, kotlety devolay, nuggetsy, smalczyk w\u0142asnej roboty przetopiony z cebulk\u0105 i pyszne domowe nale\u015bniki),<\/p>\n\n\n\n<p>A na deser -pyszne domowe wypieki (najr\u00f3\u017cniejsze ciasta, rogaliki, muffinki), lody i wata cukrowa<\/p>\n\n\n\n<p><\/p>\n\n\n\n<p><strong>Zapraszamy\u00a0dzieci, m\u0142odzie\u017c i doros\u0142ych, ka\u017cdy znajdzie tu co\u015b dla siebie \ud83d\ude42 !<\/strong><\/p>\n","protected":false},"excerpt":{"rendered":"<p>Z ogromn\u0105 przyjemno\u015bci\u0105 informujemy o organizowanym\u00a0w Zielonej G\u00f3rze pikniku charytatywnym na rzecz chorej na nowotw\u00f3r z\u0142o\u015bliwy HER2+\u00a0zielonog\u00f3rzanki Anny G\u0142uch (lat 44), mamy 4 dzieci (w wieku 2,6,9 i 16 lat). Zosta\u0142o ma\u0142o czasu, a zbieramy na drogie nierefundowane leczenie Pani<\/p>\n","protected":false},"author":2,"featured_media":0,"comment_status":"closed","ping_status":"closed","sticky":false,"template":"","format":"standard","meta":{"footnotes":""},"categories":[1],"tags":[],"class_list":["post-645","post","type-post","status-publish","format-standard","hentry","category-bez-kategorii"],"_links":{"self":[{"href":"https:\/\/mp10.schoolpage.pl\/index.php\/wp-json\/wp\/v2\/posts\/645","targetHints":{"allow":["GET"]}}],"collection":[{"href":"https:\/\/mp10.schoolpage.pl\/index.php\/wp-json\/wp\/v2\/posts"}],"about":[{"href":"https:\/\/mp10.schoolpage.pl\/index.php\/wp-json\/wp\/v2\/types\/post"}],"author":[{"embeddable":true,"href":"https:\/\/mp10.schoolpage.pl\/index.php\/wp-json\/wp\/v2\/users\/2"}],"replies":[{"embeddable":true,"href":"https:\/\/mp10.schoolpage.pl\/index.php\/wp-json\/wp\/v2\/comments?post=645"}],"version-history":[{"count":2,"href":"https:\/\/mp10.schoolpage.pl\/index.php\/wp-json\/wp\/v2\/posts\/645\/revisions"}],"predecessor-version":[{"id":647,"href":"https:\/\/mp10.schoolpage.pl\/index.php\/wp-json\/wp\/v2\/posts\/645\/revisions\/647"}],"wp:attachment":[{"href":"https:\/\/mp10.schoolpage.pl\/index.php\/wp-json\/wp\/v2\/media?parent=645"}],"wp:term":[{"taxonomy":"category","embeddable":true,"href":"https:\/\/mp10.schoolpage.pl\/index.php\/wp-json\/wp\/v2\/categories?post=645"},{"taxonomy":"post_tag","embeddable":true,"href":"https:\/\/mp10.schoolpage.pl\/index.php\/wp-json\/wp\/v2\/tags?post=645"}],"curies":[{"name":"wp","href":"https:\/\/api.w.org\/{rel}","templated":true}]}}