{"id":648,"date":"2021-06-24T20:12:49","date_gmt":"2021-06-24T18:12:49","guid":{"rendered":"https:\/\/mp10.schoolpage.pl\/?p=648"},"modified":"2021-06-24T20:13:21","modified_gmt":"2021-06-24T18:13:21","slug":"list-ministra-edukacji","status":"publish","type":"post","link":"https:\/\/mp10.schoolpage.pl\/index.php\/2021\/06\/24\/list-ministra-edukacji\/","title":{"rendered":"List Ministra Edukacji i Nauki"},"content":{"rendered":"\n<div class=\"wp-block-image\"><figure class=\"aligncenter size-large\"><img loading=\"lazy\" decoding=\"async\" width=\"381\" height=\"165\" src=\"https:\/\/mp10.schoolpage.pl\/wp-content\/uploads\/2021\/06\/image.png\" alt=\"\" class=\"wp-image-649\" srcset=\"https:\/\/mp10.schoolpage.pl\/wp-content\/uploads\/2021\/06\/image.png 381w, https:\/\/mp10.schoolpage.pl\/wp-content\/uploads\/2021\/06\/image-300x130.png 300w\" sizes=\"auto, (max-width: 381px) 100vw, 381px\" \/><\/figure><\/div>\n\n\n\n<p class=\"has-text-align-right\">Warszawa, 24 czerwca 2021 r.<\/p>\n\n\n\n<p><em>Szanowni Pa\u0144stwo,<\/em><br><em>Dyrektorzy i Nauczyciele,<\/em><br><em>Drodzy Uczniowie i Rodzice,<\/em><\/p>\n\n\n\n<p>dobiegaj\u0105 ko\u0144ca zaj\u0119cia dydaktyczno-wychowawcze w roku szkolnym 2020\/2021. Nauczyciele i uczniowie wkr\u00f3tce rozpoczn\u0105 d\u0142ugo wyczekiwany czas letniego wypoczynku.<\/p>\n\n\n\n<p>Za nami niezwykle trudne i pod wieloma wzgl\u0119dami nietypowe miesi\u0105ce pracy. Wysokie statystyki zachorowa\u0144 i niebezpiecze\u0144stwo zwi\u0105zane z rozprzestrzenianiem si\u0119 koronawirusa sprawi\u0142y, \u017ce przez wi\u0119kszo\u015b\u0107 roku szkolnego m\u0142odzi ludzie uczyli si\u0119 w spos\u00f3b zdalny. Byli pozbawieni bezpo\u015bredniego kontaktu ze swoimi nauczycielami, wychowawcami oraz r\u00f3wie\u015bnikami.&nbsp;<\/p>\n\n\n\n<p>Wiemy, \u017ce ze skutkami zdalnej edukacji b\u0119dziemy mierzy\u0107 si\u0119 w kolejnych latach. Jeste\u015bmy \u015bwiadomi zar\u00f3wno mniejszej efektywno\u015bci procesu kszta\u0142cenia na odleg\u0142o\u015b\u0107, jak r\u00f3wnie\u017c jego negatywnego wp\u0142ywu na kondycj\u0119 fizyczn\u0105 i psychiczn\u0105 dzieci i m\u0142odzie\u017cy. Dlatego te\u017c przygotowali\u015bmy kompleksowy program wsparcia uczni\u00f3w po d\u0142ugotrwa\u0142ym okresie nauki zdalnej i przeznaczyli\u015bmy na jego realizacj\u0119 dodatkowe \u015brodki finansowe.<\/p>\n\n\n\n<p>Wiosn\u0105 przeciw COVID-19 zaszczepi\u0142a si\u0119 wi\u0119kszo\u015b\u0107 nauczycieli. Na pocz\u0105tku czerwca ruszy\u0142a rejestracja na szczepienie dzieci, kt\u00f3re uko\u0144czy\u0142y 12. rok \u017cycia. Po zako\u0144czeniu wakacji szczepienia b\u0119d\u0105 mog\u0142y by\u0107 realizowane tak\u017ce na terenie plac\u00f3wek o\u015bwiatowych. Szczeg\u00f3\u0142owe informacje w tej sprawie b\u0119dziemy przekazywa\u0107 do szk\u00f3\u0142 w okresie wakacyjnym.<\/p>\n\n\n\n<p>Mamy nadziej\u0119, \u017ce dzi\u0119ki post\u0119puj\u0105cej akcji szczepie\u0144 uda nam si\u0119 w przysz\u0142o\u015bci unikn\u0105\u0107 ponownego zamkni\u0119cia szk\u00f3\u0142 i plac\u00f3wek oraz przenoszenia edukacji na tryb zdalny. Okres kszta\u0142cenia na odleg\u0142o\u015b\u0107 pokaza\u0142 dobitnie, \u017ce bezpo\u015bredniego kontaktu ucznia z&nbsp;nauczycielem nie zast\u0105pi\u0105 nawet najnowocze\u015bniejsze technologie.<\/p>\n\n\n\n<p>Chcia\u0142bym serdecznie podzi\u0119kowa\u0107 wszystkim dyrektorom szk\u00f3\u0142 i nauczycielom za&nbsp;ca\u0142oroczn\u0105 prac\u0119, trud oraz zaanga\u017cowanie. Dzi\u0119kuj\u0119, \u017ce w tym trudnym czasie byli Pa\u0144stwo blisko swoich uczni\u00f3w, oferowali pomoc i wsparcie w najr\u00f3\u017cniejszych sytuacjach. \u017bycz\u0119 Pa\u0144stwu przede wszystkim spokoju i wytchnienia od codziennych obowi\u0105zk\u00f3w.<\/p>\n\n\n\n<p>Gratuluj\u0119 uczniom sukces\u00f3w w nauce i innych dziedzinach szkolnej aktywno\u015bci. Mijaj\u0105cy rok by\u0142 dla Was prawdziw\u0105 pr\u00f3b\u0105 charakteru. Wszyscy mierzyli\u015bcie si\u0119 z wyzwaniami zdalnej nauki. Jestem przekonany, \u017ce praca, kt\u00f3r\u0105 w\u0142o\u017cyli\u015bcie w swoj\u0105 edukacj\u0119, wyda w&nbsp;przysz\u0142o\u015bci wspania\u0142e owoce. \u017bycz\u0119 Wam, aby wakacje by\u0142y czasem poznawania i&nbsp;odkrywania nowych miejsc, a tak\u017ce zawierania trwa\u0142ych przyja\u017ani i znajomo\u015bci.<\/p>\n\n\n\n<p>Serdecznie pozdrawiam r\u00f3wnie\u017c spo\u0142eczno\u015b\u0107 szk\u00f3\u0142 polskich i polonijnych na ca\u0142ym \u015bwiecie. Dzi\u0119kuj\u0119 nauczycielom i wychowawcom za podtrzymywanie oraz piel\u0119gnowanie polsko\u015bci w\u015br\u00f3d m\u0142odych Polak\u00f3w dorastaj\u0105cych poza granicami kraju. S\u0142owa wdzi\u0119czno\u015bci kieruj\u0119 tak\u017ce do&nbsp;uczni\u00f3w, dzi\u0119kuj\u0105c za trud doskonalenia j\u0119zyka polskiego i zdobywania wiedzy o&nbsp;Polsce.<\/p>\n\n\n\n<p>Wszystkim \u017cycz\u0119 spokojnych i bezpiecznych wakacji!<\/p>\n\n\n\n<p><em>Z wyrazami szacunku<\/em><br><em>Przemys\u0142aw Czarnek<\/em><br><em>Minister Edukacji i Nauki<\/em><\/p>\n","protected":false},"excerpt":{"rendered":"<p>Warszawa, 24 czerwca 2021 r. Szanowni Pa\u0144stwo,Dyrektorzy i Nauczyciele,Drodzy Uczniowie i Rodzice, dobiegaj\u0105 ko\u0144ca zaj\u0119cia dydaktyczno-wychowawcze w roku szkolnym 2020\/2021. Nauczyciele i uczniowie wkr\u00f3tce rozpoczn\u0105 d\u0142ugo wyczekiwany czas letniego wypoczynku. Za nami niezwykle trudne i pod wieloma wzgl\u0119dami nietypowe miesi\u0105ce<\/p>\n","protected":false},"author":2,"featured_media":0,"comment_status":"closed","ping_status":"closed","sticky":false,"template":"","format":"standard","meta":{"footnotes":""},"categories":[1],"tags":[],"class_list":["post-648","post","type-post","status-publish","format-standard","hentry","category-bez-kategorii"],"_links":{"self":[{"href":"https:\/\/mp10.schoolpage.pl\/index.php\/wp-json\/wp\/v2\/posts\/648","targetHints":{"allow":["GET"]}}],"collection":[{"href":"https:\/\/mp10.schoolpage.pl\/index.php\/wp-json\/wp\/v2\/posts"}],"about":[{"href":"https:\/\/mp10.schoolpage.pl\/index.php\/wp-json\/wp\/v2\/types\/post"}],"author":[{"embeddable":true,"href":"https:\/\/mp10.schoolpage.pl\/index.php\/wp-json\/wp\/v2\/users\/2"}],"replies":[{"embeddable":true,"href":"https:\/\/mp10.schoolpage.pl\/index.php\/wp-json\/wp\/v2\/comments?post=648"}],"version-history":[{"count":2,"href":"https:\/\/mp10.schoolpage.pl\/index.php\/wp-json\/wp\/v2\/posts\/648\/revisions"}],"predecessor-version":[{"id":651,"href":"https:\/\/mp10.schoolpage.pl\/index.php\/wp-json\/wp\/v2\/posts\/648\/revisions\/651"}],"wp:attachment":[{"href":"https:\/\/mp10.schoolpage.pl\/index.php\/wp-json\/wp\/v2\/media?parent=648"}],"wp:term":[{"taxonomy":"category","embeddable":true,"href":"https:\/\/mp10.schoolpage.pl\/index.php\/wp-json\/wp\/v2\/categories?post=648"},{"taxonomy":"post_tag","embeddable":true,"href":"https:\/\/mp10.schoolpage.pl\/index.php\/wp-json\/wp\/v2\/tags?post=648"}],"curies":[{"name":"wp","href":"https:\/\/api.w.org\/{rel}","templated":true}]}}