{"id":659,"date":"2021-08-30T10:48:00","date_gmt":"2021-08-30T08:48:00","guid":{"rendered":"https:\/\/mp10.schoolpage.pl\/?p=659"},"modified":"2021-08-31T21:13:24","modified_gmt":"2021-08-31T19:13:24","slug":"pierwsze-dni-w-przedszkolu","status":"publish","type":"post","link":"https:\/\/mp10.schoolpage.pl\/index.php\/2021\/08\/30\/pierwsze-dni-w-przedszkolu\/","title":{"rendered":"Pierwsze dni w przedszkolu"},"content":{"rendered":"\n<p>Szanowni Pa\u0144stwo,<\/p>\n\n\n\n<p>z dniem 1 wrze\u015bnia 2021 roku rozpoczynamy kolejny rok przedszkolny i bardzo cieszymy si\u0119, \u017ce wybrali Pa\u0144stwo nasz\u0105 plac\u00f3wk\u0119 \ud83d\ude42 Chcemy powiedzie\u0107, \u017ce ju\u017c nie mo\u017cemy si\u0119 doczeka\u0107, a\u017c poznamy wszystkie dzieci i z wielk\u0105 rado\u015bci\u0105 przywitamy nowych cz\u0142onk\u00f3w w\u015br\u00f3d naszych Przedszkolak\u00f3w \ud83d\ude42<\/p>\n\n\n\n<p>Z do\u015bwiadczenia wiemy, \u017ce pierwsze dni w przedszkolu s\u0105 szczeg\u00f3lne zar\u00f3wno dla dzieci, rodzic\u00f3w i r\u00f3wnie\u017c dla nas &#8211; nauczycieli. Chcemy u\u0142atwi\u0107 og\u00f3ln\u0105 organizacj\u0119 oraz podpowiedzie\u0107, w jaki spos\u00f3b nale\u017cy si\u0119 przygotowa\u0107 do rozpocz\u0119cia roku oraz co warto ze sob\u0105 zabra\u0107 do przedszkola. Ni\u017cej zamieszczamy kilka ilustracji, kt\u00f3re zawieraj\u0105 najwa\u017cniejsze informacje dotycz\u0105ce sposobu, w kt\u00f3ry mo\u017cna przygotowa\u0107 siebie i dziecko do rozstania. Mamy nadziej\u0119, \u017ce u\u0142atwi to Pa\u0144stwu po\u017cegnanie z dzieckiem \ud83d\ude42<\/p>\n\n\n\n<figure class=\"wp-block-image\"><img decoding=\"async\" src=\"https:\/\/scontent-waw1-1.xx.fbcdn.net\/v\/t39.30808-6\/241152074_4081999405260695_8391361246869687159_n.jpg?_nc_cat=105&amp;ccb=1-5&amp;_nc_sid=8bfeb9&amp;_nc_ohc=znLMR8ezG_8AX_C1A2l&amp;_nc_ht=scontent-waw1-1.xx&amp;oh=56502e551106cd9653e4291a70739fec&amp;oe=6132A8C4\" alt=\"Mo\u017ce by\u0107 zdj\u0119ciem przedstawiaj\u0105cym co najmniej jedna osoba i tekst\"\/><\/figure>\n\n\n\n<figure class=\"wp-block-image\"><img decoding=\"async\" src=\"https:\/\/scontent-waw1-1.xx.fbcdn.net\/v\/t39.30808-6\/241136694_4081999178594051_1829259197621425982_n.jpg?_nc_cat=105&amp;ccb=1-5&amp;_nc_sid=8bfeb9&amp;_nc_ohc=X0K1ZNAqhfMAX_I-B6X&amp;_nc_ht=scontent-waw1-1.xx&amp;oh=0235ee11f00c3711e61eb04ff819a40e&amp;oe=6133142F\" alt=\"Mo\u017ce by\u0107 zdj\u0119ciem przedstawiaj\u0105cym tekst \u201ePIERWSZE DNI W PRZEDSZKOLU JAK POWINNO WYGL\u0104DA\u0106 ROZSTANIE? 1 KR\u00d3TKIE PO\u017bEGNANIE D\u0142ugie rozmowy, nieko\u0144cz\u0105ce si\u0119 przybijanie pi\u0105 tek, ca\u0142usy czy u\u015bciski utrudniaj\u0105 dziecku rodzicowi rozstanie. 2 RYTUA\u0141Y Ustalcie wsp\u00f3lnie dzieckiem spos\u00f3b rozstania ca\u0142us, przytulas, &quot;\u017c\u00f3\u0142wik&quot; czy pi\u0105 tka. 3 SZCZERO\u015a\u0106 Powiedz dziecku, \u017ce nadszed\u0142 czas ozstania okre\u015bl orientacyjny czas powrotu (np. &quot;Wr\u00f3c\u0119 po obiedzie&quot;). 4 MI\u0141E KOMUNIKATY Unikaj stwierdzenia \u201eNie b\u00f3j si\u0119&quot; Zamiast tego powiedz \u201eMi\u0142ej zabawy&quot;, sugeruj\u0105c \u017ce w przedszkolu jest fajnie. 5 CIERPLIWO\u015a\u0106 Zachowaj spok\u00f3j. Negatywne emocje \u017cle wp\u0142ywaj\u0105 na proces adaptacji, kt\u00f3ry mo\u017ce przebiega\u0107 d\u0142ugo. CONSILIA Centrum Psychoterapii Szkole\u0144\u201d\"\/><\/figure>\n\n\n\n<figure class=\"wp-block-image\"><img decoding=\"async\" src=\"https:\/\/scontent-waw1-1.xx.fbcdn.net\/v\/t39.30808-6\/241125649_4081999581927344_2045055833642927560_n.jpg?_nc_cat=105&amp;ccb=1-5&amp;_nc_sid=8bfeb9&amp;_nc_ohc=U94jyN0FzX4AX--eNdo&amp;_nc_ht=scontent-waw1-1.xx&amp;oh=b7e65dd926d521186cca8b34048705d0&amp;oe=613317B8\" alt=\"Mo\u017ce by\u0107 zdj\u0119ciem przedstawiaj\u0105cym 1 osoba i tekst\"\/><\/figure>\n\n\n\n<figure class=\"wp-block-image\"><img decoding=\"async\" src=\"https:\/\/scontent-waw1-1.xx.fbcdn.net\/v\/t39.30808-6\/241136824_4081999781927324_2507466749784926020_n.jpg?_nc_cat=103&amp;ccb=1-5&amp;_nc_sid=8bfeb9&amp;_nc_ohc=iYiBoorvZEIAX8Z7OxM&amp;tn=dGdzGv2IZyVc3wXE&amp;_nc_ht=scontent-waw1-1.xx&amp;oh=9ffac3bd4218f8b1c734afd74dc76d19&amp;oe=6132E595\" alt=\"Mo\u017ce by\u0107 zdj\u0119ciem przedstawiaj\u0105cym dziecko\"\/><\/figure>\n","protected":false},"excerpt":{"rendered":"<p>Szanowni Pa\u0144stwo, z dniem 1 wrze\u015bnia 2021 roku rozpoczynamy kolejny rok przedszkolny i bardzo cieszymy si\u0119, \u017ce wybrali Pa\u0144stwo nasz\u0105 plac\u00f3wk\u0119 \ud83d\ude42 Chcemy powiedzie\u0107, \u017ce ju\u017c nie mo\u017cemy si\u0119 doczeka\u0107, a\u017c poznamy wszystkie dzieci i z wielk\u0105 rado\u015bci\u0105 przywitamy nowych<\/p>\n","protected":false},"author":2,"featured_media":0,"comment_status":"closed","ping_status":"closed","sticky":false,"template":"","format":"standard","meta":{"footnotes":""},"categories":[1],"tags":[],"class_list":["post-659","post","type-post","status-publish","format-standard","hentry","category-bez-kategorii"],"_links":{"self":[{"href":"https:\/\/mp10.schoolpage.pl\/index.php\/wp-json\/wp\/v2\/posts\/659","targetHints":{"allow":["GET"]}}],"collection":[{"href":"https:\/\/mp10.schoolpage.pl\/index.php\/wp-json\/wp\/v2\/posts"}],"about":[{"href":"https:\/\/mp10.schoolpage.pl\/index.php\/wp-json\/wp\/v2\/types\/post"}],"author":[{"embeddable":true,"href":"https:\/\/mp10.schoolpage.pl\/index.php\/wp-json\/wp\/v2\/users\/2"}],"replies":[{"embeddable":true,"href":"https:\/\/mp10.schoolpage.pl\/index.php\/wp-json\/wp\/v2\/comments?post=659"}],"version-history":[{"count":1,"href":"https:\/\/mp10.schoolpage.pl\/index.php\/wp-json\/wp\/v2\/posts\/659\/revisions"}],"predecessor-version":[{"id":660,"href":"https:\/\/mp10.schoolpage.pl\/index.php\/wp-json\/wp\/v2\/posts\/659\/revisions\/660"}],"wp:attachment":[{"href":"https:\/\/mp10.schoolpage.pl\/index.php\/wp-json\/wp\/v2\/media?parent=659"}],"wp:term":[{"taxonomy":"category","embeddable":true,"href":"https:\/\/mp10.schoolpage.pl\/index.php\/wp-json\/wp\/v2\/categories?post=659"},{"taxonomy":"post_tag","embeddable":true,"href":"https:\/\/mp10.schoolpage.pl\/index.php\/wp-json\/wp\/v2\/tags?post=659"}],"curies":[{"name":"wp","href":"https:\/\/api.w.org\/{rel}","templated":true}]}}