{"id":661,"date":"2021-08-30T10:17:00","date_gmt":"2021-08-30T08:17:00","guid":{"rendered":"https:\/\/mp10.schoolpage.pl\/?p=661"},"modified":"2021-08-31T21:43:03","modified_gmt":"2021-08-31T19:43:03","slug":"661","status":"publish","type":"post","link":"https:\/\/mp10.schoolpage.pl\/index.php\/2021\/08\/30\/661\/","title":{"rendered":"Rok szkolny 2021\/2022 &#8211; gar\u015b\u0107 informacji"},"content":{"rendered":"\n<p>Szanowni Pa\u0144stwo,<\/p>\n\n\n\n<p>ju\u017c w \u015brod\u0119 (1 wrze\u015bnia) rozpoczynamy nowy rok szkolny 2021\/2022 \ud83d\ude42 <\/p>\n\n\n\n<p>Z wielkim \u017calem \u017cegnamy grup\u0119 Starszak\u00f3w, kt\u00f3rym \u017cyczymy samych sukces\u00f3w w szkole i tym samym dzi\u0119kujemy zar\u00f3wno dzieciom, jak i Rodzicom za wsp\u00f3lnie sp\u0119dzony czas oraz owocn\u0105 wsp\u00f3\u0142prac\u0119. Jednocze\u015bnie b\u0119dzie nam bardzo mi\u0142o powita\u0107 now\u0105 grup\u0119 dzieci, kt\u00f3re rozpoczn\u0105 przygod\u0119 w naszej plac\u00f3wce i zostan\u0105 z nami na kilka najbli\u017cszych lat \ud83d\ude42<\/p>\n\n\n\n<p>Kika informacji og\u00f3lnych -&gt;<\/p>\n\n\n\n<p>Zasady wej\u015b\u0107 do plac\u00f3wki nie uleg\u0142y zmianie &#8211; rodzice wchodz\u0105 z dzie\u0107mi jedynie do przedsionka przedszkola, gdzie dzieci b\u0119d\u0105 odbierane przez Panie wo\u017ane. Chc\u0105c odebra\u0107 dziecko, nale\u017cy skorzysta\u0107 z domofonu (ka\u017cda grupa ma sw\u00f3j w\u0142asny) &#8211; w\u00f3wczas Pani wo\u017ana  odbierze dziecko z sali i przeka\u017ce Pa\u0144stwu. Prosimy jednak o cierpliwo\u015b\u0107, poniewa\u017c dziecko opuszczaj\u0105c plac\u00f3wk\u0119 zazwyczaj musi sprz\u0105tn\u0105\u0107 swoje zabawki, skorzysta\u0107 z toalety i ubra\u0107 si\u0119 &#8211; w zwi\u0105zku z tym, mo\u017ce to chwil\u0119 potrwa\u0107.<\/p>\n\n\n\n<p>Uwaga ! Zasada ta, nie dotyczy dzieci nowo przyj\u0119tych do przedszkola- rodzice dzieci, kt\u00f3re s\u0105 po raz pierwszy w naszej plac\u00f3wce wchodz\u0105 razem z dzieckiem (1 rodzic\/opiekun). Maksymalnie w jednym czasie w szatni mo\u017ce przebywa\u0107 troje rodzic\u00f3w i troje dzieci. Prosimy o zak\u0142adanie maseczek i dezynfekcj\u0119 r\u0105k. <\/p>\n\n\n\n<p>Przypominamy, \u017ce nale\u017cy przyprowadza\u0107 dzieci do godziny 8:00 (po tym czasie drzwi do przedszkola pozostan\u0105 zamkni\u0119te). W szczeg\u00f3lnych przypadkach prosimy o powiadomienie plac\u00f3wki o sp\u00f3\u017anieniu.<\/p>\n\n\n\n<p>Reszt\u0119 niezb\u0119dnych informacji nauczyciele przeka\u017c\u0105 Pa\u0144stwu na zebraniach grupowych.<\/p>\n\n\n\n<p>Do zobaczenia!<\/p>\n","protected":false},"excerpt":{"rendered":"<p>Szanowni Pa\u0144stwo, ju\u017c w \u015brod\u0119 (1 wrze\u015bnia) rozpoczynamy nowy rok szkolny 2021\/2022 \ud83d\ude42 Z wielkim \u017calem \u017cegnamy grup\u0119 Starszak\u00f3w, kt\u00f3rym \u017cyczymy samych sukces\u00f3w w szkole i tym samym dzi\u0119kujemy zar\u00f3wno dzieciom, jak i Rodzicom za wsp\u00f3lnie sp\u0119dzony czas oraz owocn\u0105<\/p>\n","protected":false},"author":2,"featured_media":0,"comment_status":"closed","ping_status":"closed","sticky":false,"template":"","format":"standard","meta":{"footnotes":""},"categories":[1],"tags":[],"class_list":["post-661","post","type-post","status-publish","format-standard","hentry","category-bez-kategorii"],"_links":{"self":[{"href":"https:\/\/mp10.schoolpage.pl\/index.php\/wp-json\/wp\/v2\/posts\/661","targetHints":{"allow":["GET"]}}],"collection":[{"href":"https:\/\/mp10.schoolpage.pl\/index.php\/wp-json\/wp\/v2\/posts"}],"about":[{"href":"https:\/\/mp10.schoolpage.pl\/index.php\/wp-json\/wp\/v2\/types\/post"}],"author":[{"embeddable":true,"href":"https:\/\/mp10.schoolpage.pl\/index.php\/wp-json\/wp\/v2\/users\/2"}],"replies":[{"embeddable":true,"href":"https:\/\/mp10.schoolpage.pl\/index.php\/wp-json\/wp\/v2\/comments?post=661"}],"version-history":[{"count":2,"href":"https:\/\/mp10.schoolpage.pl\/index.php\/wp-json\/wp\/v2\/posts\/661\/revisions"}],"predecessor-version":[{"id":663,"href":"https:\/\/mp10.schoolpage.pl\/index.php\/wp-json\/wp\/v2\/posts\/661\/revisions\/663"}],"wp:attachment":[{"href":"https:\/\/mp10.schoolpage.pl\/index.php\/wp-json\/wp\/v2\/media?parent=661"}],"wp:term":[{"taxonomy":"category","embeddable":true,"href":"https:\/\/mp10.schoolpage.pl\/index.php\/wp-json\/wp\/v2\/categories?post=661"},{"taxonomy":"post_tag","embeddable":true,"href":"https:\/\/mp10.schoolpage.pl\/index.php\/wp-json\/wp\/v2\/tags?post=661"}],"curies":[{"name":"wp","href":"https:\/\/api.w.org\/{rel}","templated":true}]}}