{"id":697,"date":"2021-11-04T10:44:27","date_gmt":"2021-11-04T09:44:27","guid":{"rendered":"https:\/\/mp10.schoolpage.pl\/?p=697"},"modified":"2021-11-19T14:38:12","modified_gmt":"2021-11-19T13:38:12","slug":"11-listopada","status":"publish","type":"post","link":"https:\/\/mp10.schoolpage.pl\/index.php\/2021\/11\/04\/11-listopada\/","title":{"rendered":"11 listopada"},"content":{"rendered":"\n<p>Szanowni Pa\u0144stwo,<\/p>\n\n\n\n<p>w \u015brod\u0119 (10.11.2021) b\u0119dziemy w przedszkolu obchodzi\u0107 \u015awi\u0119to Odzyskania Niepodleg\u0142o\u015bci, w zwi\u0105zku z tym wydarzeniem zaplanowany jest apel dla ka\u017cdej z grup, a dzieci przygotowuj\u0105 kr\u00f3tkie wyst\u0119py. W tym dniu bierzemy r\u00f3wnie\u017c udzia\u0142 w akcji \u201eSzko\u0142a do hymnu\u201d zaplanowanej przez Ministerstwo Edukacji i Nauki. Akcja polega na za\u015bpiewaniu \u201eMazurka D\u0105browskiego\u201d o symbolicznej godzinie 11:11 &#8211; dlatego prosimy, \u017ceby w tym dniu ubra\u0107 dzieci na galowo i aby mia\u0142y przypi\u0119ty kotylion.<\/p>\n\n\n\n<p>#Szko\u0142aDoHymnu<\/p>\n","protected":false},"excerpt":{"rendered":"<p>Szanowni Pa\u0144stwo, w \u015brod\u0119 (10.11.2021) b\u0119dziemy w przedszkolu obchodzi\u0107 \u015awi\u0119to Odzyskania Niepodleg\u0142o\u015bci, w zwi\u0105zku z tym wydarzeniem zaplanowany jest apel dla ka\u017cdej z grup, a dzieci przygotowuj\u0105 kr\u00f3tkie wyst\u0119py. W tym dniu bierzemy r\u00f3wnie\u017c udzia\u0142 w akcji \u201eSzko\u0142a do hymnu\u201d<\/p>\n","protected":false},"author":2,"featured_media":0,"comment_status":"closed","ping_status":"closed","sticky":false,"template":"","format":"standard","meta":{"footnotes":""},"categories":[1],"tags":[],"class_list":["post-697","post","type-post","status-publish","format-standard","hentry","category-bez-kategorii"],"_links":{"self":[{"href":"https:\/\/mp10.schoolpage.pl\/index.php\/wp-json\/wp\/v2\/posts\/697","targetHints":{"allow":["GET"]}}],"collection":[{"href":"https:\/\/mp10.schoolpage.pl\/index.php\/wp-json\/wp\/v2\/posts"}],"about":[{"href":"https:\/\/mp10.schoolpage.pl\/index.php\/wp-json\/wp\/v2\/types\/post"}],"author":[{"embeddable":true,"href":"https:\/\/mp10.schoolpage.pl\/index.php\/wp-json\/wp\/v2\/users\/2"}],"replies":[{"embeddable":true,"href":"https:\/\/mp10.schoolpage.pl\/index.php\/wp-json\/wp\/v2\/comments?post=697"}],"version-history":[{"count":2,"href":"https:\/\/mp10.schoolpage.pl\/index.php\/wp-json\/wp\/v2\/posts\/697\/revisions"}],"predecessor-version":[{"id":712,"href":"https:\/\/mp10.schoolpage.pl\/index.php\/wp-json\/wp\/v2\/posts\/697\/revisions\/712"}],"wp:attachment":[{"href":"https:\/\/mp10.schoolpage.pl\/index.php\/wp-json\/wp\/v2\/media?parent=697"}],"wp:term":[{"taxonomy":"category","embeddable":true,"href":"https:\/\/mp10.schoolpage.pl\/index.php\/wp-json\/wp\/v2\/categories?post=697"},{"taxonomy":"post_tag","embeddable":true,"href":"https:\/\/mp10.schoolpage.pl\/index.php\/wp-json\/wp\/v2\/tags?post=697"}],"curies":[{"name":"wp","href":"https:\/\/api.w.org\/{rel}","templated":true}]}}