{"id":731,"date":"2021-11-30T22:17:45","date_gmt":"2021-11-30T21:17:45","guid":{"rendered":"https:\/\/mp10.schoolpage.pl\/?p=731"},"modified":"2021-11-30T22:20:31","modified_gmt":"2021-11-30T21:20:31","slug":"plan-przerw-urlopowych-2","status":"publish","type":"post","link":"https:\/\/mp10.schoolpage.pl\/index.php\/2021\/11\/30\/plan-przerw-urlopowych-2\/","title":{"rendered":"Plan przerw urlopowych 2022"},"content":{"rendered":"\n<p>Szanowni Pa\u0144stwo,<\/p>\n\n\n\n<p>ni\u017cej zamieszczamy plan przerw urlopowych na rok 2022 dotycz\u0105cych miejskich przedszkoli w Zielonej G\u00f3rze. Jak co roku, rodzice kt\u00f3rzy na czas przerwy w naszym przedszkolu, nie mog\u0105 zapewni\u0107 dziecku opieki we w\u0142asnym zakresie \u2013 b\u0119d\u0105 mogli zapisa\u0107 dziecko do przedszkola, kt\u00f3re aktualnie b\u0119dzie czynne.<\/p>\n\n\n\n<p><strong>Od 1 lipca do 30 lipca 2022 r. (zamkni\u0119te)<\/strong><br>Miejskie Przedszkola:<br>nr 14 ul. Krasickiego 12<br>nr 19 ul. Energetyk\u00f3w 7 (Zesp\u00f3\u0142 Edukacyjny nr 10)<br>nr 21 z Oddzia\u0142ami Integracyjnymi ul. Rydza-\u015amig\u0142ego 5<br>nr 25 Aleja Wojska Polskiego 82a<br>nr 38 ul. Braniborska 13<br>nr 39 ul. Lisia 51a<br>nr 41 ul. Stary Kisielin-Pionier\u00f3w Lub. 53 (Zesp\u00f3\u0142 Edukacyjny nr 7)<br>nr 42 ul. Ochla-Szkolna 1 (Zesp\u00f3\u0142 Edukacyjny nr 5)<br>nr 44 ul. Zawada-Szkolna 24 (Zesp\u00f3\u0142 Edukacyjny nr 8)<br>nr 46 ul. Franciszka Rze\u017aniczaka 1 (Zesp\u00f3\u0142 Edukacyjny nr 9)<a href=\"https:\/\/schiever.com.pl\/swieta-cieple-ze-ho-ho-2\/\"><\/a><\/p>\n\n\n\n<p><\/p>\n\n\n\n<p><strong>Od 18 lipca do 14 sierpnia 2022 r. (zamkni\u0119te)<\/strong><br>Miejskie Przedszkola:<br>nr 1 ul. Sikorskiego 37<br>nr 6 ul. Stanis\u0142awa Wyspia\u0144skiego 16<br>nr 7 ul. Moniuszki 33<br>nr 9 ul. Partyzant\u00f3w 22 (Zesp\u00f3\u0142 Edukacyjny nr 2)<br>nr 10 z Oddzia\u0142ami Integracyjnymi ul. Monte Cassino 21a<br>nr 12 ul. Truskawkowa 12 (Zesp\u00f3\u0142 Edukacyjny nr 1)<br>nr 17 z Oddzia\u0142ami Integracyjnymi ul. dr Pieni\u0119\u017cnego 22<br>nr 24 ul. Os. Pomorskie 28 (Zesp\u00f3\u0142 Edukacyjny nr 3)<br>nr 34 ul. Bohater\u00f3w Westerplatte 11a<br>nr 40 ul. Szczekoci\u0144ska 13<br>nr 43 ul. Racula-G\u0142ogowska 65 z oddzia\u0142ami przy ul. Zatonie-Zielonog\u00f3rska 72 i ul. Drzonk\u00f3w-Szkolna 2 (Zesp\u00f3\u0142 Edukacyjny nr 4)<br>nr 44 ul. Zawada-Szkolna 24 (Zesp\u00f3\u0142 Edukacyjny nr 8)<\/p>\n\n\n\n<p><br><strong>Od 1 sierpnia do 31 sierpnia 2022 r. (zamkni\u0119te)<\/strong><br>Miejskie Przedszkola:<br>nr 3 Aleja Niepodleg\u0142o\u015bci 29<br>nr 8 ul. Witebska 1<br>nr 11 ul. Zamenhofa 30<br>nr 13 ul. J\u0119czmienna 1<br>nr 18 ul. St. Moniuszki 19<br>nr 20 ul. Studzianki 8<br>nr 22 ul. Porzeczkowa 34<br>nr 30 z Oddzia\u0142ami Integracyjnymi ul. Tuwima 3b (Zesp\u00f3\u0142 Edukacyjny nr 2)<br>nr 37 ul. W\u0119gierska 9<br>nr 45 ul. Przylep-Solidarno\u015bci 61 (Zesp\u00f3\u0142 Edukacyjny nr 6)<\/p>\n\n\n\n<p><a href=\"https:\/\/schiever.com.pl\/swieta-cieple-ze-ho-ho-2\/\"><\/a><\/p>\n\n\n\n<p><\/p>\n\n\n\n<p><\/p>\n","protected":false},"excerpt":{"rendered":"<p>Szanowni Pa\u0144stwo, ni\u017cej zamieszczamy plan przerw urlopowych na rok 2022 dotycz\u0105cych miejskich przedszkoli w Zielonej G\u00f3rze. Jak co roku, rodzice kt\u00f3rzy na czas przerwy w naszym przedszkolu, nie mog\u0105 zapewni\u0107 dziecku opieki we w\u0142asnym zakresie \u2013 b\u0119d\u0105 mogli zapisa\u0107 dziecko<\/p>\n","protected":false},"author":2,"featured_media":0,"comment_status":"closed","ping_status":"closed","sticky":false,"template":"","format":"standard","meta":{"footnotes":""},"categories":[1],"tags":[],"class_list":["post-731","post","type-post","status-publish","format-standard","hentry","category-bez-kategorii"],"_links":{"self":[{"href":"https:\/\/mp10.schoolpage.pl\/index.php\/wp-json\/wp\/v2\/posts\/731","targetHints":{"allow":["GET"]}}],"collection":[{"href":"https:\/\/mp10.schoolpage.pl\/index.php\/wp-json\/wp\/v2\/posts"}],"about":[{"href":"https:\/\/mp10.schoolpage.pl\/index.php\/wp-json\/wp\/v2\/types\/post"}],"author":[{"embeddable":true,"href":"https:\/\/mp10.schoolpage.pl\/index.php\/wp-json\/wp\/v2\/users\/2"}],"replies":[{"embeddable":true,"href":"https:\/\/mp10.schoolpage.pl\/index.php\/wp-json\/wp\/v2\/comments?post=731"}],"version-history":[{"count":2,"href":"https:\/\/mp10.schoolpage.pl\/index.php\/wp-json\/wp\/v2\/posts\/731\/revisions"}],"predecessor-version":[{"id":733,"href":"https:\/\/mp10.schoolpage.pl\/index.php\/wp-json\/wp\/v2\/posts\/731\/revisions\/733"}],"wp:attachment":[{"href":"https:\/\/mp10.schoolpage.pl\/index.php\/wp-json\/wp\/v2\/media?parent=731"}],"wp:term":[{"taxonomy":"category","embeddable":true,"href":"https:\/\/mp10.schoolpage.pl\/index.php\/wp-json\/wp\/v2\/categories?post=731"},{"taxonomy":"post_tag","embeddable":true,"href":"https:\/\/mp10.schoolpage.pl\/index.php\/wp-json\/wp\/v2\/tags?post=731"}],"curies":[{"name":"wp","href":"https:\/\/api.w.org\/{rel}","templated":true}]}}